{"id":2143,"date":"2019-07-12T12:57:54","date_gmt":"2019-07-12T12:57:54","guid":{"rendered":"https:\/\/www.schwabennails.de\/nageldesign\/?p=2143"},"modified":"2023-07-04T10:57:11","modified_gmt":"2023-07-04T10:57:11","slug":"komplettausbildung-nageldesign-mit-uebernachtung","status":"publish","type":"post","link":"https:\/\/www.schwabennails.de\/nageldesign\/komplettausbildung-nageldesign-mit-uebernachtung\/","title":{"rendered":"Komplettausbildung Nageldesign mit \u00dcbernachtung"},"content":{"rendered":"<p><span style=\"color: #000000;\"><strong>Komplettausbildung Nageldesign, Wimpernverl\u00e4ngerung und kosm. Fu\u00dfpflege mit \u00dcbernachtung in Hotel oder Pension<br \/>\n<\/strong><\/span><\/p>\n<p>Komplettausbildung zur Nageldesignerin, Eyelash Stylistin &amp; Fu\u00dfpflegerin &#8211; 17 Tage.\u00a0Ihre Ausbildung mit Zertifikat sehr g\u00fcnstig.<\/p>\n<p>\u00dcberischt und Ihnalte aller Seminare.<\/p>\n<p><strong>&#8211; Nageldesignerin Ausbildung 8-Tage<br \/>\n&#8211; Fu\u00dfpfleger Ausbildung Kosm. 2-Tage<br \/>\n&#8211; Fu\u00dfnagelmodellage Gel Kurs 1-Tag<br \/>\n&#8211; Airbrush Seminar <\/strong><strong><strong>1-Tag<\/strong><br \/>\n&#8211; Nailart II Seminar <\/strong><strong><strong>1-Tag<\/strong><br \/>\n&#8211; E-Feilen Seminar <\/strong><strong><strong>1-Tag<\/strong><br \/>\n&#8211; Wimpernstylistinnen Seminar <\/strong><strong>3-Tage <\/strong><\/p>\n<p>&nbsp;<\/p>\n<p>&nbsp;<\/p>\n<p><strong>Rechenbeispiel<\/strong> f\u00fcr Zuschuss <strong>F\u00f6rderprogramm Fachkurse<\/strong> 14 Tage bzw. 17 Tage Kurs::<\/p>\n<p><strong><em>Rechenbeispiel f\u00fcr Zuschuss Fachkurse (ESF)\u00a06, 8, 14 bzw. 17 Tage Kurs:<\/em><\/strong><\/p>\n<p><strong>\u00a0<\/strong><strong>70% Kurspreis sparen:<\/strong><br \/>\n17 Tage Kurs; statt 3332,00 Euro <strong>nur 999,60 Euro<\/strong><br \/>\n14 Tage Kurs; statt 2522,80 Euro <strong>nur 756,84 Euro<\/strong><br \/>\n8 Tage Kurs; statt 1428,00 Euro <strong>nur 428,40 Euro<\/strong><br \/>\n6 Tage Kurs; statt 1000,00 Euro <strong>nur 300,00 Euro<\/strong><\/p>\n<p><strong>50%\u00a0 Kurspreis sparen:<\/strong><br \/>\n17 Tage Kurs; statt 3332,00 Euro <strong>nur 1666,00 Euro<\/strong><br \/>\n14 Tage Kurs; statt 2522,80 Euro <strong>nur 1261,40 Euro<br \/>\n<\/strong>8 Tage Kurs; statt 1428,00 Euro <strong>nur\u00a0\u00a0 714,00 Euro<\/strong><br \/>\n6 Tage Kurs; statt 1000,00 Euro <strong>nur\u00a0\u00a0 500,00 Euro<\/strong><\/p>\n<p><strong>30%\u00a0 Kurspreis sparen:<\/strong><br \/>\n17 Tage Kurs; statt 3332,00 Euro <strong>nur 2332.40 Euro<\/strong><br \/>\n14 Tage Kurs; statt 2522,80 Euro <strong>nur 1765,96 Euro<br \/>\n<\/strong>\u00a0\u00a0 8 Tage Kurs; statt 1428,00 Euro <strong>nur\u00a0\u00a0 999,60 Euro<\/strong><br \/>\n6 Tage Kurs; statt 1000,00 Euro <strong>nur\u00a0\u00a0 700,00 Euro<\/strong><\/p>\n<p>&nbsp;<\/p>\n<p><span style=\"color: #ff00ff;\"><strong>Mit \u00dcbernachtung, bitte Hotel \/ Pension selber buchen.<br \/>\n<\/strong><\/span><strong>Rechenbeispiel <\/strong>\u00dcbernachtung bei 70% Kurspreis <strong>sparen:<\/strong><\/p>\n<p><strong>\u00a017 Tage Kurs; statt 3332,00 Euro <span style=\"color: #339900;\">nur 999,60 Euro<\/span><br \/>\n<\/strong><strong>16 x <\/strong><strong>\u00dcbernachtung (16 x 30\u20ac = 480,- <\/strong><strong>\u20ac)<br \/>\n&#8212;&#8212;&#8212;&#8212;&#8212;&#8212;&#8212;&#8212;&#8212;&#8212;&#8212;&#8212;&#8212;<br \/>\n17 Tage Kurs inkl. 16 \u00dcbernachtung = 1479,60\u20ac<\/strong><\/p>\n<p>&nbsp;<\/p>\n<p><strong>\u00a070% <\/strong><strong>Kurspreis sparen:<\/strong>\u00a0\u00a0 <span style=\"color: #339966;\">ohne \u00dcbernachtung<\/span> \/ Hotel \/ <span style=\"color: #3366ff;\">inkl. \u00dcbernachtung<\/span><br \/>\n17 Tage <strong>Kurs<\/strong>: statt 3332,00 Euro <span style=\"color: #339966;\">nur 999,60 Euro<\/span> + 480\u20ac\u00a0 =<span style=\"color: #3366ff;\"> 1479,60\u20ac<\/span><br \/>\n14 Tage <strong>Kurs:<\/strong> statt 2522,80 Euro <span style=\"color: #339966;\">nur 756,84 Euro<\/span> + 390\u20ac\u00a0 = <span style=\"color: #3366ff;\">1146,84\u20ac<\/span><br \/>\n8 Tage <strong>Kurs<\/strong>: statt 1428,00 Euro <span style=\"color: #339966;\">nur 428,40 Euro<\/span> + 180\u20ac\u00a0 =\u00a0\u00a0 <span style=\"color: #3366ff;\">608,40\u20ac<\/span><br \/>\n6 Tage <strong>Kurs: <\/strong>statt 1000,00 Euro <span style=\"color: #339966;\">nur 300,00 Euro<\/span> +\u00a0\u00a0 90\u20ac\u00a0 = \u00a0 <span style=\"color: #3366ff;\">390,00\u20ac <\/span><\/p>\n<p>&nbsp;<\/p>\n<p>&nbsp;<\/p>\n<p><span style=\"color: #ff00ff;\"><strong>Quelle \u00dcbernachtung in ULM:<\/strong><\/span><\/p>\n<p>https:\/\/www.preiswert-uebernachten.de\/hotel-pensionen\/ulm\/5489<\/p>\n<p>&nbsp;<\/p>\n<p><span style=\"color: #ff00ff;\"><strong>\u00dcbernachtung <\/strong><\/span>Beispiele:<\/p>\n<p>Hotel Garni Schwarzer Adler \/\/ Zimmer ab 30 \u20ac \/Nacht*<\/p>\n<p>Pension R\u00f6sch \/\/ Zimmer ab 30 \u20ac \/Nacht*&lt;<\/p>\n<p>Hotel Sternberg \/\/ Zimmer ab 38 \u20ac \/Nacht*<\/p>\n<p>&nbsp;<\/p>\n<p><span style=\"font-size: small;\">* Alle Angaben sind ohne Gew\u00e4hr, wir \u00fcbernehmen keine Gew\u00e4hr f\u00fcr die Richtigkeit, Vollst\u00e4ndigkeit und Aktualit\u00e4t dieser Angaben. Informieren Sie sich bei den einzelnen Hotels und <\/span><span style=\"font-size: small;\">Pensionen.<\/span><\/p>\n<p>&nbsp;<\/p>\n<p><strong><a title=\"Abholservice vom Bahnhof, vom Hotel &amp; zur\u00fcck\" href=\"https:\/\/www.schwabennails.de\/Abholservice-Nageldesign-Ausbildung-Kurs.phtml\">Abholservice vom Bahnhof, vom Hotel &amp; zur\u00fcck<\/a><\/strong><\/p>\n<p>&nbsp;<\/p>\n<p><strong><a title=\"Komplettausbildung Nageldesign mit \u00dcbernachtung\" href=\"https:\/\/schwabennails.de\/Komplettausbildung-zur-Nageldesignerin-Eyelash-Stylistin.phtml\" target=\"_blank\" rel=\"noopener\">Komplettausbildung Nageldesign mit \u00dcbernachtung<\/a><\/strong>;<\/p>\n<p><strong><a title=\"Nageldesign PROFI Seminar\" href=\"https:\/\/schwabennails.de\/Nail_design_Schulung_Professional_Nail_design.phtml\" target=\"_blank\" rel=\"noopener\">Nageldesign PROFI Seminar<\/a><\/strong>;<\/p>\n<p><strong><a title=\"Ausbildung zur Nageldesignerin\" href=\"https:\/\/schwabennails.de\/8_Tage_Nageldesign_Schulung.phtml\" target=\"_blank\" rel=\"noopener\">Ausbildung zur Nageldesignerin<\/a><\/strong><\/p>\n<p><strong><a title=\"Ausbildung Nageldesign von A-Z\" href=\"https:\/\/schwabennails.de\/nageldesignausbildung.phtml\" target=\"_blank\" rel=\"noopener\">Ausbildung Nageldesign von A-Z<\/a><\/strong><\/p>\n","protected":false},"excerpt":{"rendered":"<p>Komplettausbildung Nageldesign, Wimpernverl\u00e4ngerung und kosm. Fu\u00dfpflege mit \u00dcbernachtung in Hotel oder Pension Komplettausbildung zur Nageldesignerin, Eyelash Stylistin &amp; Fu\u00dfpflegerin &#8211; 17 Tage.\u00a0Ihre Ausbildung mit Zertifikat sehr g\u00fcnstig. \u00dcberischt und Ihnalte aller Seminare. &#8211; Nageldesignerin Ausbildung 8-Tage &#8211; Fu\u00dfpfleger Ausbildung Kosm. 2-Tage &#8211; Fu\u00dfnagelmodellage Gel Kurs 1-Tag &#8211; Airbrush Seminar 1-Tag &#8211; Nailart II Seminar 1-Tag &hellip; <a href=\"https:\/\/www.schwabennails.de\/nageldesign\/komplettausbildung-nageldesign-mit-uebernachtung\/\" class=\"more-link\"><span class=\"screen-reader-text\">Komplettausbildung Nageldesign mit \u00dcbernachtung<\/span> weiterlesen<\/a><\/p>\n","protected":false},"author":1,"featured_media":0,"comment_status":"open","ping_status":"open","sticky":false,"template":"","format":"standard","meta":[],"categories":[32],"tags":[679,681,680],"aioseo_notices":[],"_links":{"self":[{"href":"https:\/\/www.schwabennails.de\/nageldesign\/wp-json\/wp\/v2\/posts\/2143"}],"collection":[{"href":"https:\/\/www.schwabennails.de\/nageldesign\/wp-json\/wp\/v2\/posts"}],"about":[{"href":"https:\/\/www.schwabennails.de\/nageldesign\/wp-json\/wp\/v2\/types\/post"}],"author":[{"embeddable":true,"href":"https:\/\/www.schwabennails.de\/nageldesign\/wp-json\/wp\/v2\/users\/1"}],"replies":[{"embeddable":true,"href":"https:\/\/www.schwabennails.de\/nageldesign\/wp-json\/wp\/v2\/comments?post=2143"}],"version-history":[{"count":11,"href":"https:\/\/www.schwabennails.de\/nageldesign\/wp-json\/wp\/v2\/posts\/2143\/revisions"}],"predecessor-version":[{"id":2719,"href":"https:\/\/www.schwabennails.de\/nageldesign\/wp-json\/wp\/v2\/posts\/2143\/revisions\/2719"}],"wp:attachment":[{"href":"https:\/\/www.schwabennails.de\/nageldesign\/wp-json\/wp\/v2\/media?parent=2143"}],"wp:term":[{"taxonomy":"category","embeddable":true,"href":"https:\/\/www.schwabennails.de\/nageldesign\/wp-json\/wp\/v2\/categories?post=2143"},{"taxonomy":"post_tag","embeddable":true,"href":"https:\/\/www.schwabennails.de\/nageldesign\/wp-json\/wp\/v2\/tags?post=2143"}],"curies":[{"name":"wp","href":"https:\/\/api.w.org\/{rel}","templated":true}]}}